{"id":3693,"date":"2017-04-23T09:00:43","date_gmt":"2017-04-23T14:00:43","guid":{"rendered":"https:\/\/www.cosmos.com.mx\/blog\/?p=3693"},"modified":"2024-12-10T11:12:47","modified_gmt":"2024-12-10T17:12:47","slug":"la-industria-editorial-en-el-dia-mundial-del-libro-y-del-derecho-de-autor","status":"publish","type":"post","link":"https:\/\/www.cosmos.com.mx\/blog\/la-industria-editorial-en-el-dia-mundial-del-libro-y-del-derecho-de-autor\/","title":{"rendered":"La industria editorial en el D\u00eda Mundial del Libro y del Derecho de Autor"},"content":{"rendered":"<p>El 23 de abril se celebra el D\u00eda Mundial del Libro y del Derecho de Autor desde 1995, por acuerdo en la Conferencia General de la UNESCO llevada a cabo ese a\u00f1o, con el objetivo de invitar a la reflexi\u00f3n sobre las funciones invaluables que tienen los libros en favor de la educaci\u00f3n y las ciencias, los cuales son obra y testimonio de la inteligencia, la creatividad y la cultura humana.\u00a0<!--more--><\/p>\n<p>Asimismo, la UNESCO tambi\u00e9n incluye los derechos de autor, a veces en controversia, a propuesta de la Uni\u00f3n Internacional de Editores, argumentando que son fundamentales en la protecci\u00f3n tanto moral como patrimonial del creador, as\u00ed como para reconocer y rendir homenaje al trabajo de los autores.<\/p>\n<p>Para conmemorar esta fecha, cada a\u00f1o, en m\u00e1s de cien pa\u00edses hay eventos, jornadas, ferias, maratones y un sinf\u00edn de actividades que promueven el h\u00e1bito de lectura.<\/p>\n<p>Sin embargo, en cuanto a consumo, \u00bfcu\u00e1l es la realidad del mercado mexicano para la industria editorial?<\/p>\n<p>De acuerdo con el Inegi, en M\u00e9xico se leen 3.8 libros al a\u00f1o per c\u00e1pita. Como referencia, los pa\u00edses que m\u00e1s leen son Canad\u00e1 y Suiza con 20 libros por persona, Estados Unidos con 12 libros y, en Am\u00e9rica Latina, en Argentina el promedio es de 4.6, en Colombia es de 4.1, y en Brasil de 4 libros per c\u00e1pita.<\/p>\n<p>La C\u00e1mara Nacional de la Industria Editorial Mexicana (CANIEM) se\u00f1ala que, en cuanto a producci\u00f3n editorial, en 2015 la industria produjo m\u00e1s de 145 millones ejemplares, 2.6% superior al a\u00f1o anterior, de los cuales, 32% fue para la producci\u00f3n del Programa Libro de Texto Gratuito, Programa Nacional de Ingl\u00e9s y Programa Nacional de Bibliotecas.<\/p>\n<p>En cuanto a facturaci\u00f3n, la CANIEM se\u00f1ala que las ventas por tema en relevancia se distribuyeron de la siguiente manera:<\/p>\n<ol>\n<li>Educaci\u00f3n b\u00e1sica, 39%<\/li>\n<li>Ense\u00f1anza de la lengua inglesa, 20%s<\/li>\n<li>Ficci\u00f3n y temas afines<\/li>\n<li>Infantiles, juveniles y did\u00e1cticos<\/li>\n<\/ol>\n<p>Y los canales de distribuci\u00f3n fueron:<\/p>\n<ul>\n<li>Ventas directas al gobierno, 35%<\/li>\n<li>Librer\u00edas, 38%<\/li>\n<li>Escuelas, 26%<\/li>\n<\/ul>\n<p>Por lo cual, la parte institucional sigue siendo el mejor cliente de la industria editorial, representando el 35% de su mercado de facturaci\u00f3n.<\/p>\n<p>Para ampliar un poco m\u00e1s la perspectiva de 2016, uno de los puntos de venta m\u00e1s importantes es el formato de ferias. Durante las ferias m\u00e1s destacadas en ese a\u00f1o que son la Feria Internacional del Libro (FIL) en el Palacio de Miner\u00eda, Gran Remate de Libros, FIL en el Z\u00f3calo y Feria Internacional del Libro Infantil y Juvenil, junto con la Feria del Libro en Benito Ju\u00e1rez y la Feria del Libro en Ciudad Ju\u00e1rez, el valor de facturaci\u00f3n acumulado fue de $66,096,579 pesos y las que mayores ventas registraron fueron la FIL de Miner\u00eda, la FIL Z\u00f3calo y la FILIJ en Ciudad Ju\u00e1rez.<\/p>\n<p><strong>\u00bfTinta o bits?<\/strong><\/p>\n<p>Por otro lado, el mercado de libros digitales est\u00e1 en auge, situaci\u00f3n que obligar\u00e1 a la industria editorial a replantearse otros escenarios. En M\u00e9xico, va en aumento la comercializaci\u00f3n de libros digitales. Aunque no se tienen datos m\u00e1s recientes, \u00a0la Procuradur\u00eda Federal del Consumidor (PROFECO) se\u00f1ala que de 2011 a 2012, las ventas de libros digitales se incrementaron \u00a059.3%, mientras que de 2012 a 2013, el crecimiento fue de 17.6%.<\/p>\n<p>Celebra el D\u00eda Mundial del Libro y del Derecho de Autor apoyando a la industria editorial, conoce nuestros t\u00edtulos en <a href=\"https:\/\/editorialcosmos.com\/\">Editorial Cosmos<\/a>.<\/p>\n","protected":false},"excerpt":{"rendered":"<p>El 23 de abril se celebra el D\u00eda Mundial del Libro y del Derecho de Autor desde 1995, por acuerdo en la Conferencia General de la UNESCO<\/p>\n","protected":false},"author":17,"featured_media":3697,"comment_status":"open","ping_status":"closed","sticky":false,"template":"","format":"standard","meta":{"_et_pb_use_builder":"","_et_pb_old_content":"","_et_gb_content_width":""},"categories":[41,49],"tags":[],"yoast_head":"<!-- This site is optimized with the Yoast SEO plugin v20.1 - https:\/\/yoast.com\/wordpress\/plugins\/seo\/ -->\n<title>La industria editorial en el D\u00eda Mundial del Libro y del Derecho de Autor - &quot;Tu presencia en Internet\u00ae\ufe0f te lleva por el camino de los resultados, y es una estrategia exclusiva con nosotros&quot;<\/title>\n<meta name=\"description\" content=\"El 23 de abril se celebra el D\u00eda Mundial del Libro y del Derecho de Autor desde 1995, por acuerdo en la Conferencia General de la UNESCO\" \/>\n<meta name=\"robots\" content=\"index, follow, max-snippet:-1, max-image-preview:large, max-video-preview:-1\" \/>\n<link rel=\"canonical\" href=\"https:\/\/www.cosmos.com.mx\/blog\/la-industria-editorial-en-el-dia-mundial-del-libro-y-del-derecho-de-autor\/\" \/>\n<meta property=\"og:locale\" content=\"es_ES\" \/>\n<meta property=\"og:type\" content=\"article\" \/>\n<meta property=\"og:title\" content=\"La industria editorial en el D\u00eda Mundial del Libro y del Derecho de Autor - &quot;Tu presencia en Internet\u00ae\ufe0f te lleva por el camino de los resultados, y es una estrategia exclusiva con nosotros&quot;\" \/>\n<meta property=\"og:description\" content=\"El 23 de abril se celebra el D\u00eda Mundial del Libro y del Derecho de Autor desde 1995, por acuerdo en la Conferencia General de la UNESCO\" \/>\n<meta property=\"og:url\" content=\"https:\/\/www.cosmos.com.mx\/blog\/la-industria-editorial-en-el-dia-mundial-del-libro-y-del-derecho-de-autor\/\" \/>\n<meta property=\"og:site_name\" content=\"&quot;Tu presencia en Internet\u00ae\ufe0f te lleva por el camino de los resultados, y es una estrategia exclusiva con nosotros&quot;\" \/>\n<meta property=\"article:publisher\" content=\"http:\/\/facebook.com\/CosmosOnlineB2B\" \/>\n<meta property=\"article:published_time\" content=\"2017-04-23T14:00:43+00:00\" \/>\n<meta property=\"article:modified_time\" content=\"2024-12-10T17:12:47+00:00\" \/>\n<meta property=\"og:image\" content=\"https:\/\/www.cosmos.com.mx\/blog\/wp-content\/uploads\/derechos-de-autor.jpg\" \/>\n\t<meta property=\"og:image:width\" content=\"888\" \/>\n\t<meta property=\"og:image:height\" content=\"550\" \/>\n\t<meta property=\"og:image:type\" content=\"image\/jpeg\" \/>\n<meta name=\"author\" content=\"Editorial Cosmos\" \/>\n<meta name=\"twitter:label1\" content=\"Escrito por\" \/>\n\t<meta name=\"twitter:data1\" content=\"Editorial Cosmos\" \/>\n\t<meta name=\"twitter:label2\" content=\"Tiempo de lectura\" \/>\n\t<meta name=\"twitter:data2\" content=\"3 minutos\" \/>\n<script type=\"application\/ld+json\" class=\"yoast-schema-graph\">{\"@context\":\"https:\/\/schema.org\",\"@graph\":[{\"@type\":\"Article\",\"@id\":\"https:\/\/www.cosmos.com.mx\/blog\/la-industria-editorial-en-el-dia-mundial-del-libro-y-del-derecho-de-autor\/#article\",\"isPartOf\":{\"@id\":\"https:\/\/www.cosmos.com.mx\/blog\/la-industria-editorial-en-el-dia-mundial-del-libro-y-del-derecho-de-autor\/\"},\"author\":{\"name\":\"Editorial Cosmos\",\"@id\":\"https:\/\/www.cosmos.com.mx\/blog\/#\/schema\/person\/515374e70e0b9cc63a6831893f58395f\"},\"headline\":\"La industria editorial en el D\u00eda Mundial del Libro y del Derecho de Autor\",\"datePublished\":\"2017-04-23T14:00:43+00:00\",\"dateModified\":\"2024-12-10T17:12:47+00:00\",\"mainEntityOfPage\":{\"@id\":\"https:\/\/www.cosmos.com.mx\/blog\/la-industria-editorial-en-el-dia-mundial-del-libro-y-del-derecho-de-autor\/\"},\"wordCount\":597,\"commentCount\":0,\"publisher\":{\"@id\":\"https:\/\/www.cosmos.com.mx\/blog\/#organization\"},\"articleSection\":[\"Artes gr\u00e1ficas, impresi\u00f3n y edici\u00f3n\",\"Informaci\u00f3n de temporada\"],\"inLanguage\":\"es\",\"potentialAction\":[{\"@type\":\"CommentAction\",\"name\":\"Comment\",\"target\":[\"https:\/\/www.cosmos.com.mx\/blog\/la-industria-editorial-en-el-dia-mundial-del-libro-y-del-derecho-de-autor\/#respond\"]}]},{\"@type\":\"WebPage\",\"@id\":\"https:\/\/www.cosmos.com.mx\/blog\/la-industria-editorial-en-el-dia-mundial-del-libro-y-del-derecho-de-autor\/\",\"url\":\"https:\/\/www.cosmos.com.mx\/blog\/la-industria-editorial-en-el-dia-mundial-del-libro-y-del-derecho-de-autor\/\",\"name\":\"La industria editorial en el D\u00eda Mundial del Libro y del Derecho de Autor - &quot;Tu presencia en Internet\u00ae\ufe0f te lleva por el camino de los resultados, y es una estrategia exclusiva con nosotros&quot;\",\"isPartOf\":{\"@id\":\"https:\/\/www.cosmos.com.mx\/blog\/#website\"},\"datePublished\":\"2017-04-23T14:00:43+00:00\",\"dateModified\":\"2024-12-10T17:12:47+00:00\",\"description\":\"El 23 de abril se celebra el D\u00eda Mundial del Libro y del Derecho de Autor desde 1995, por acuerdo en la Conferencia General de la UNESCO\",\"breadcrumb\":{\"@id\":\"https:\/\/www.cosmos.com.mx\/blog\/la-industria-editorial-en-el-dia-mundial-del-libro-y-del-derecho-de-autor\/#breadcrumb\"},\"inLanguage\":\"es\",\"potentialAction\":[{\"@type\":\"ReadAction\",\"target\":[\"https:\/\/www.cosmos.com.mx\/blog\/la-industria-editorial-en-el-dia-mundial-del-libro-y-del-derecho-de-autor\/\"]}]},{\"@type\":\"BreadcrumbList\",\"@id\":\"https:\/\/www.cosmos.com.mx\/blog\/la-industria-editorial-en-el-dia-mundial-del-libro-y-del-derecho-de-autor\/#breadcrumb\",\"itemListElement\":[{\"@type\":\"ListItem\",\"position\":1,\"name\":\"Inicio\",\"item\":\"https:\/\/www.cosmos.com.mx\/blog\/\"},{\"@type\":\"ListItem\",\"position\":2,\"name\":\"Informaci\u00f3n de temporada\",\"item\":\"https:\/\/www.cosmos.com.mx\/blog\/category\/informacion-de-temporada\/\"},{\"@type\":\"ListItem\",\"position\":3,\"name\":\"La industria editorial en el D\u00eda Mundial del Libro y del Derecho de Autor\"}]},{\"@type\":\"WebSite\",\"@id\":\"https:\/\/www.cosmos.com.mx\/blog\/#website\",\"url\":\"https:\/\/www.cosmos.com.mx\/blog\/\",\"name\":\"&quot;Tu presencia en Internet\u00ae\ufe0f te lleva por el camino de los resultados, y es una estrategia exclusiva con nosotros&quot;\",\"description\":\"Blog Cosmos Online*\",\"publisher\":{\"@id\":\"https:\/\/www.cosmos.com.mx\/blog\/#organization\"},\"potentialAction\":[{\"@type\":\"SearchAction\",\"target\":{\"@type\":\"EntryPoint\",\"urlTemplate\":\"https:\/\/www.cosmos.com.mx\/blog\/?s={search_term_string}\"},\"query-input\":\"required name=search_term_string\"}],\"inLanguage\":\"es\"},{\"@type\":\"Organization\",\"@id\":\"https:\/\/www.cosmos.com.mx\/blog\/#organization\",\"name\":\"COSMOS Online\",\"url\":\"https:\/\/www.cosmos.com.mx\/blog\/\",\"logo\":{\"@type\":\"ImageObject\",\"inLanguage\":\"es\",\"@id\":\"https:\/\/www.cosmos.com.mx\/blog\/#\/schema\/logo\/image\/\",\"url\":\"https:\/\/www.cosmos.com.mx\/blog\/wp-content\/uploads\/logo-22-min.jpg\",\"contentUrl\":\"https:\/\/www.cosmos.com.mx\/blog\/wp-content\/uploads\/logo-22-min.jpg\",\"width\":300,\"height\":126,\"caption\":\"COSMOS Online\"},\"image\":{\"@id\":\"https:\/\/www.cosmos.com.mx\/blog\/#\/schema\/logo\/image\/\"},\"sameAs\":[\"http:\/\/facebook.com\/CosmosOnlineB2B\",\"https:\/\/twitter.com\/CosmosOnlineB2B\",\"http:\/\/www.youtube.com\/user\/cosmoscanal\"]},{\"@type\":\"Person\",\"@id\":\"https:\/\/www.cosmos.com.mx\/blog\/#\/schema\/person\/515374e70e0b9cc63a6831893f58395f\",\"name\":\"Editorial Cosmos\",\"image\":{\"@type\":\"ImageObject\",\"inLanguage\":\"es\",\"@id\":\"https:\/\/www.cosmos.com.mx\/blog\/#\/schema\/person\/image\/\",\"url\":\"https:\/\/secure.gravatar.com\/avatar\/d808de67fc8ff1772df6c65f6778de4f?s=96&d=mm&r=g\",\"contentUrl\":\"https:\/\/secure.gravatar.com\/avatar\/d808de67fc8ff1772df6c65f6778de4f?s=96&d=mm&r=g\",\"caption\":\"Editorial Cosmos\"},\"sameAs\":[\"https:\/\/editorialcosmos.com\"]}]}<\/script>\n<!-- \/ Yoast SEO plugin. -->","yoast_head_json":{"title":"La industria editorial en el D\u00eda Mundial del Libro y del Derecho de Autor - &quot;Tu presencia en Internet\u00ae\ufe0f te lleva por el camino de los resultados, y es una estrategia exclusiva con nosotros&quot;","description":"El 23 de abril se celebra el D\u00eda Mundial del Libro y del Derecho de Autor desde 1995, por acuerdo en la Conferencia General de la UNESCO","robots":{"index":"index","follow":"follow","max-snippet":"max-snippet:-1","max-image-preview":"max-image-preview:large","max-video-preview":"max-video-preview:-1"},"canonical":"https:\/\/www.cosmos.com.mx\/blog\/la-industria-editorial-en-el-dia-mundial-del-libro-y-del-derecho-de-autor\/","og_locale":"es_ES","og_type":"article","og_title":"La industria editorial en el D\u00eda Mundial del Libro y del Derecho de Autor - &quot;Tu presencia en Internet\u00ae\ufe0f te lleva por el camino de los resultados, y es una estrategia exclusiva con nosotros&quot;","og_description":"El 23 de abril se celebra el D\u00eda Mundial del Libro y del Derecho de Autor desde 1995, por acuerdo en la Conferencia General de la UNESCO","og_url":"https:\/\/www.cosmos.com.mx\/blog\/la-industria-editorial-en-el-dia-mundial-del-libro-y-del-derecho-de-autor\/","og_site_name":"&quot;Tu presencia en Internet\u00ae\ufe0f te lleva por el camino de los resultados, y es una estrategia exclusiva con nosotros&quot;","article_publisher":"http:\/\/facebook.com\/CosmosOnlineB2B","article_published_time":"2017-04-23T14:00:43+00:00","article_modified_time":"2024-12-10T17:12:47+00:00","og_image":[{"width":888,"height":550,"url":"https:\/\/www.cosmos.com.mx\/blog\/wp-content\/uploads\/derechos-de-autor.jpg","type":"image\/jpeg"}],"author":"Editorial Cosmos","twitter_misc":{"Escrito por":"Editorial Cosmos","Tiempo de lectura":"3 minutos"},"schema":{"@context":"https:\/\/schema.org","@graph":[{"@type":"Article","@id":"https:\/\/www.cosmos.com.mx\/blog\/la-industria-editorial-en-el-dia-mundial-del-libro-y-del-derecho-de-autor\/#article","isPartOf":{"@id":"https:\/\/www.cosmos.com.mx\/blog\/la-industria-editorial-en-el-dia-mundial-del-libro-y-del-derecho-de-autor\/"},"author":{"name":"Editorial Cosmos","@id":"https:\/\/www.cosmos.com.mx\/blog\/#\/schema\/person\/515374e70e0b9cc63a6831893f58395f"},"headline":"La industria editorial en el D\u00eda Mundial del Libro y del Derecho de Autor","datePublished":"2017-04-23T14:00:43+00:00","dateModified":"2024-12-10T17:12:47+00:00","mainEntityOfPage":{"@id":"https:\/\/www.cosmos.com.mx\/blog\/la-industria-editorial-en-el-dia-mundial-del-libro-y-del-derecho-de-autor\/"},"wordCount":597,"commentCount":0,"publisher":{"@id":"https:\/\/www.cosmos.com.mx\/blog\/#organization"},"articleSection":["Artes gr\u00e1ficas, impresi\u00f3n y edici\u00f3n","Informaci\u00f3n de temporada"],"inLanguage":"es","potentialAction":[{"@type":"CommentAction","name":"Comment","target":["https:\/\/www.cosmos.com.mx\/blog\/la-industria-editorial-en-el-dia-mundial-del-libro-y-del-derecho-de-autor\/#respond"]}]},{"@type":"WebPage","@id":"https:\/\/www.cosmos.com.mx\/blog\/la-industria-editorial-en-el-dia-mundial-del-libro-y-del-derecho-de-autor\/","url":"https:\/\/www.cosmos.com.mx\/blog\/la-industria-editorial-en-el-dia-mundial-del-libro-y-del-derecho-de-autor\/","name":"La industria editorial en el D\u00eda Mundial del Libro y del Derecho de Autor - &quot;Tu presencia en Internet\u00ae\ufe0f te lleva por el camino de los resultados, y es una estrategia exclusiva con nosotros&quot;","isPartOf":{"@id":"https:\/\/www.cosmos.com.mx\/blog\/#website"},"datePublished":"2017-04-23T14:00:43+00:00","dateModified":"2024-12-10T17:12:47+00:00","description":"El 23 de abril se celebra el D\u00eda Mundial del Libro y del Derecho de Autor desde 1995, por acuerdo en la Conferencia General de la UNESCO","breadcrumb":{"@id":"https:\/\/www.cosmos.com.mx\/blog\/la-industria-editorial-en-el-dia-mundial-del-libro-y-del-derecho-de-autor\/#breadcrumb"},"inLanguage":"es","potentialAction":[{"@type":"ReadAction","target":["https:\/\/www.cosmos.com.mx\/blog\/la-industria-editorial-en-el-dia-mundial-del-libro-y-del-derecho-de-autor\/"]}]},{"@type":"BreadcrumbList","@id":"https:\/\/www.cosmos.com.mx\/blog\/la-industria-editorial-en-el-dia-mundial-del-libro-y-del-derecho-de-autor\/#breadcrumb","itemListElement":[{"@type":"ListItem","position":1,"name":"Inicio","item":"https:\/\/www.cosmos.com.mx\/blog\/"},{"@type":"ListItem","position":2,"name":"Informaci\u00f3n de temporada","item":"https:\/\/www.cosmos.com.mx\/blog\/category\/informacion-de-temporada\/"},{"@type":"ListItem","position":3,"name":"La industria editorial en el D\u00eda Mundial del Libro y del Derecho de Autor"}]},{"@type":"WebSite","@id":"https:\/\/www.cosmos.com.mx\/blog\/#website","url":"https:\/\/www.cosmos.com.mx\/blog\/","name":"&quot;Tu presencia en Internet\u00ae\ufe0f te lleva por el camino de los resultados, y es una estrategia exclusiva con nosotros&quot;","description":"Blog Cosmos Online*","publisher":{"@id":"https:\/\/www.cosmos.com.mx\/blog\/#organization"},"potentialAction":[{"@type":"SearchAction","target":{"@type":"EntryPoint","urlTemplate":"https:\/\/www.cosmos.com.mx\/blog\/?s={search_term_string}"},"query-input":"required name=search_term_string"}],"inLanguage":"es"},{"@type":"Organization","@id":"https:\/\/www.cosmos.com.mx\/blog\/#organization","name":"COSMOS Online","url":"https:\/\/www.cosmos.com.mx\/blog\/","logo":{"@type":"ImageObject","inLanguage":"es","@id":"https:\/\/www.cosmos.com.mx\/blog\/#\/schema\/logo\/image\/","url":"https:\/\/www.cosmos.com.mx\/blog\/wp-content\/uploads\/logo-22-min.jpg","contentUrl":"https:\/\/www.cosmos.com.mx\/blog\/wp-content\/uploads\/logo-22-min.jpg","width":300,"height":126,"caption":"COSMOS Online"},"image":{"@id":"https:\/\/www.cosmos.com.mx\/blog\/#\/schema\/logo\/image\/"},"sameAs":["http:\/\/facebook.com\/CosmosOnlineB2B","https:\/\/twitter.com\/CosmosOnlineB2B","http:\/\/www.youtube.com\/user\/cosmoscanal"]},{"@type":"Person","@id":"https:\/\/www.cosmos.com.mx\/blog\/#\/schema\/person\/515374e70e0b9cc63a6831893f58395f","name":"Editorial Cosmos","image":{"@type":"ImageObject","inLanguage":"es","@id":"https:\/\/www.cosmos.com.mx\/blog\/#\/schema\/person\/image\/","url":"https:\/\/secure.gravatar.com\/avatar\/d808de67fc8ff1772df6c65f6778de4f?s=96&d=mm&r=g","contentUrl":"https:\/\/secure.gravatar.com\/avatar\/d808de67fc8ff1772df6c65f6778de4f?s=96&d=mm&r=g","caption":"Editorial Cosmos"},"sameAs":["https:\/\/editorialcosmos.com"]}]}},"_links":{"self":[{"href":"https:\/\/www.cosmos.com.mx\/blog\/wp-json\/wp\/v2\/posts\/3693"}],"collection":[{"href":"https:\/\/www.cosmos.com.mx\/blog\/wp-json\/wp\/v2\/posts"}],"about":[{"href":"https:\/\/www.cosmos.com.mx\/blog\/wp-json\/wp\/v2\/types\/post"}],"author":[{"embeddable":true,"href":"https:\/\/www.cosmos.com.mx\/blog\/wp-json\/wp\/v2\/users\/17"}],"replies":[{"embeddable":true,"href":"https:\/\/www.cosmos.com.mx\/blog\/wp-json\/wp\/v2\/comments?post=3693"}],"version-history":[{"count":3,"href":"https:\/\/www.cosmos.com.mx\/blog\/wp-json\/wp\/v2\/posts\/3693\/revisions"}],"predecessor-version":[{"id":11227,"href":"https:\/\/www.cosmos.com.mx\/blog\/wp-json\/wp\/v2\/posts\/3693\/revisions\/11227"}],"wp:featuredmedia":[{"embeddable":true,"href":"https:\/\/www.cosmos.com.mx\/blog\/wp-json\/wp\/v2\/media\/3697"}],"wp:attachment":[{"href":"https:\/\/www.cosmos.com.mx\/blog\/wp-json\/wp\/v2\/media?parent=3693"}],"wp:term":[{"taxonomy":"category","embeddable":true,"href":"https:\/\/www.cosmos.com.mx\/blog\/wp-json\/wp\/v2\/categories?post=3693"},{"taxonomy":"post_tag","embeddable":true,"href":"https:\/\/www.cosmos.com.mx\/blog\/wp-json\/wp\/v2\/tags?post=3693"}],"curies":[{"name":"wp","href":"https:\/\/api.w.org\/{rel}","templated":true}]}}